

{"id":13937,"date":"2020-11-27T08:29:37","date_gmt":"2020-11-27T08:29:37","guid":{"rendered":"http:\/\/cantinepupillo.it\/?p=13937"},"modified":"2020-11-27T08:29:37","modified_gmt":"2020-11-27T08:29:37","slug":"storia-di-un-ficus-e-di-un-giardino-alle-porte-di-siracusa","status":"publish","type":"post","link":"http:\/\/cantinepupillo.it\/en\/storia-di-un-ficus-e-di-un-giardino-alle-porte-di-siracusa\/","title":{"rendered":"Storia di un Ficus e di un giardino alle porte di Siracusa"},"content":{"rendered":"<p><i><span style=\"font-weight: 400;\">Sebastiano!<\/span><\/i> <i><span style=\"font-weight: 400;\">Carmela! Scendete, non vi appendete alle liane del ficus in giardino ch\u00e9 si spezzano!<\/span><\/i><\/p>\n<p><span style=\"font-weight: 400;\">I rimproveri della nonna fanno ancora eco nelle nostre orecchie. Nella nostra infanzia c\u2019era questa scena frequente: noi che correvamo, giocavamo e ci appendevamo al ficus in giardino secolare nel nostro giardino.\u00a0<\/span><\/p>\n<p><span style=\"font-weight: 400;\">Non un ficus qualsiasi, ma un <\/span><i><span style=\"font-weight: 400;\">ficus macrophyllas subspecie columnaris<\/span><\/i><span style=\"font-weight: 400;\">, un elegante groviglio di rami, una chioma foltissima di foglie verdi e liane pendenti, oggetto dei nostri desideri proibiti. Noi volevamo usarle come se fossimo dei piccoli Tarzan e quando pensavamo che nessuno ci guardasse saltavamo e ci appendevamo alle liane. La nonna, per\u00f2, aveva gli occhi anche dietro la testa; non avevamo nemmeno il tempo di afferrare la liana che subito si sentiva: \u2039\u2039Sebastiano! Carmela! Scendete, non vi appendete alle liane ch\u00e9 si spezzano!\u203a\u203a.<\/span><b>\u00a0<\/b><\/p>\n<h2><b>Un ficus in giardino che ha viaggiato molto<\/b><\/h2>\n<p><span style=\"font-weight: 400;\">Come vi dicevamo, quello che abbiamo in giardino \u00e8 un tipo di ficus particolare, il <\/span><b>f<\/b><b><i>icus macrophylla subspecie columnaris<\/i><\/b><span style=\"font-weight: 400;\">. Si presume che questa pianta sia originaria dell\u2019isola di Lord Howe, nel sud dell\u2019oceano pacifico a<\/span><\/p>\n<p><img loading=\"lazy\" decoding=\"async\" class=\"alignright wp-image-13940\" style=\"color: #555555; font-size: 14.4px;\" src=\"http:\/\/cantinepupillo.it\/wp-content\/uploads\/2020\/11\/IMG_20201013_132325-1024x576.jpg\" alt=\"ficus macrophylla siracusa\" width=\"633\" height=\"356\" srcset=\"http:\/\/cantinepupillo.it\/wp-content\/uploads\/2020\/11\/IMG_20201013_132325-1024x576.jpg 1024w, http:\/\/cantinepupillo.it\/wp-content\/uploads\/2020\/11\/IMG_20201013_132325-scaled-510x287.jpg 510w, http:\/\/cantinepupillo.it\/wp-content\/uploads\/2020\/11\/IMG_20201013_132325-300x169.jpg 300w, http:\/\/cantinepupillo.it\/wp-content\/uploads\/2020\/11\/IMG_20201013_132325-768x432.jpg 768w, http:\/\/cantinepupillo.it\/wp-content\/uploads\/2020\/11\/IMG_20201013_132325-600x338.jpg 600w, http:\/\/cantinepupillo.it\/wp-content\/uploads\/2020\/11\/IMG_20201013_132325-1536x864.jpg 1536w, http:\/\/cantinepupillo.it\/wp-content\/uploads\/2020\/11\/IMG_20201013_132325-2048x1152.jpg 2048w, http:\/\/cantinepupillo.it\/wp-content\/uploads\/2020\/11\/IMG_20201013_132325-500x281.jpg 500w\" sizes=\"auto, (max-width: 633px) 100vw, 633px\" \/><\/p>\n<p><span style=\"font-weight: 400;\">d est della costa australiana.<\/span><\/p>\n<p><span style=\"font-weight: 400;\">Questo ficus esotico fu introdotto in Sicilia alla fine dell\u2019Ottocento: il nostro bisnonno, Antonino Pupillo, lo fece portare dall\u2019Orto Botanico di <a href=\"http:\/\/musei.unipa.it\/ficus.html\" target=\"_blank\" rel=\"noopener noreferrer\">Palermo<\/a> al nostro giardino alle <a href=\"http:\/\/cantinepupillo.it\/en\/dentro-la-targia-il-polmone-verde-di-siracusa\/\" target=\"_blank\" rel=\"noopener noreferrer\">porte di Siracusa<\/a>. Da allora lui sta l\u00ec, continua a crescere rigoglioso, custodisce la nostra casa e si espande con radici lunghissime e forti.<\/span><\/p>\n<p><span style=\"font-weight: 400;\">La particolarit\u00e0 del <\/span><i><span style=\"font-weight: 400;\">ficus macrophylla<\/span><\/i><span style=\"font-weight: 400;\"> sono proprio le liane che nascono piccole e sottili e che poi, nel tempo, si ingrossano fino a diventare tronchi spessi e forti che si intrecciano col resto della struttura dell\u2019albero.<\/span><\/p>\n<h2><b>Il cuore del nostro giardino storico<\/b><\/h2>\n<p><span style=\"font-weight: 400;\">Il <\/span><i><span style=\"font-weight: 400;\">ficus<\/span><\/i><span style=\"font-weight: 400;\"> \u00e8 il cuore del nostro giardino che si \u00e8 fatto grande e ricco nel tempo. Camminando per i vialetti si incontrano tante variet\u00e0 di piante, alcune nostrane, altre esotiche come il <\/span><i><span style=\"font-weight: 400;\">ficus<\/span><\/i><span style=\"font-weight: 400;\">, ma non solo: abbiamo anche la <\/span><i><span style=\"font-weight: 400;\">ceiba speciosa<\/span><\/i><span style=\"font-weight: 400;\">, detta anche \u2018albero bottiglia\u2019. Una pianta dalle fattezze particolari: un po\u2019 gonfia in basso e con le spine nel tronco, anche questa voluta dal nostro trisavolo.<\/span><\/p>\n<p><span style=\"font-weight: 400;\">Passeggiare nel nostro giardino ha un potere rigenerante e noi vi aspettiamo per visitarlo insieme. Qualche passo tra i vialetti acciottolati, una sosta sulla panchina all\u2019ombra dell\u2019<\/span><i><span style=\"font-weight: 400;\">ibiscus<\/span><\/i><span style=\"font-weight: 400;\"> colorato, un momento di pace davanti al laghetto di ninfee e poi la sorpresa di veder sbucare dal suolo le lunghissime radici del ficus, che come diceva Ferdinand von Muller (direttore del Giardino botanico di Melbourne a fine Ottocento), non si sa \u201cda dove l\u2019albero viene e dove va\u201d.<\/span><\/p>\n<p>&nbsp;<\/p>","protected":false},"excerpt":{"rendered":"<p>Sebastiano! Carmela! Scendete, non vi appendete alle liane del ficus in giardino ch\u00e9 si spezzano! I rimproveri della nonna fanno ancora eco nelle nostre orecchie. Nella nostra infanzia c\u2019era questa scena frequente: noi che correvamo, giocavamo e ci appendevamo al ficus in giardino secolare nel nostro giardino.\u00a0 Non un ficus qualsiasi, ma un ficus macrophyllas [&#8230;]\n","protected":false},"author":43,"featured_media":13938,"comment_status":"closed","ping_status":"closed","sticky":false,"template":"","format":"standard","meta":{"footnotes":""},"categories":[1],"tags":[],"class_list":["post-13937","post","type-post","status-publish","format-standard","has-post-thumbnail","hentry","category-uncategorized"],"_links":{"self":[{"href":"http:\/\/cantinepupillo.it\/en\/wp-json\/wp\/v2\/posts\/13937","targetHints":{"allow":["GET"]}}],"collection":[{"href":"http:\/\/cantinepupillo.it\/en\/wp-json\/wp\/v2\/posts"}],"about":[{"href":"http:\/\/cantinepupillo.it\/en\/wp-json\/wp\/v2\/types\/post"}],"author":[{"embeddable":true,"href":"http:\/\/cantinepupillo.it\/en\/wp-json\/wp\/v2\/users\/43"}],"replies":[{"embeddable":true,"href":"http:\/\/cantinepupillo.it\/en\/wp-json\/wp\/v2\/comments?post=13937"}],"version-history":[{"count":3,"href":"http:\/\/cantinepupillo.it\/en\/wp-json\/wp\/v2\/posts\/13937\/revisions"}],"predecessor-version":[{"id":13945,"href":"http:\/\/cantinepupillo.it\/en\/wp-json\/wp\/v2\/posts\/13937\/revisions\/13945"}],"wp:featuredmedia":[{"embeddable":true,"href":"http:\/\/cantinepupillo.it\/en\/wp-json\/wp\/v2\/media\/13938"}],"wp:attachment":[{"href":"http:\/\/cantinepupillo.it\/en\/wp-json\/wp\/v2\/media?parent=13937"}],"wp:term":[{"taxonomy":"category","embeddable":true,"href":"http:\/\/cantinepupillo.it\/en\/wp-json\/wp\/v2\/categories?post=13937"},{"taxonomy":"post_tag","embeddable":true,"href":"http:\/\/cantinepupillo.it\/en\/wp-json\/wp\/v2\/tags?post=13937"}],"curies":[{"name":"wp","href":"https:\/\/api.w.org\/{rel}","templated":true}]}}